{"id":8468,"date":"2019-07-02T13:14:15","date_gmt":"2019-07-02T11:14:15","guid":{"rendered":"https:\/\/page.fachmedien.de\/wordpress\/rechtsboard\/?p=8468"},"modified":"2019-07-02T13:17:31","modified_gmt":"2019-07-02T11:17:31","slug":"arug-ii-in-der-sommerpause-umsetzung-verschoben","status":"publish","type":"post","link":"https:\/\/page.fachmedien.de\/wordpress\/rechtsboard\/2019\/07\/02\/arug-ii-in-der-sommerpause-umsetzung-verschoben\/","title":{"rendered":"ARUG II in der Sommerpause &#8211; Umsetzung verschoben"},"content":{"rendered":"<p>Bis zum 10. Juni 2019 hatte eigentlich die Umsetzung der zweiten EU-Aktion\u00e4rsrechte-Richtlinie zu erfolgen. Daraus ist nichts geworden. Wie aus Abgeordnetenkreisen zu h\u00f6ren ist, hakt es unter den Koalition\u00e4ren insbesondere an der Regelung des \u201eSay on Pay\u201c, die auch bei der Anh\u00f6rung der Sachverst\u00e4ndigen im Rechtsausschuss kontrovers war. Ferner sind die Grenzwerte bei den \u201eRelated Party Transactions\u201c umstritten.<\/p>\n<p>Der Gesetzentwurf zur Umsetzung der zweiten Aktion\u00e4rsrechterichtlinie (ARUG II) befindet sich also noch in der parlamentarischen Behandlung. Im Oktober 2018 lag der Referenten-, im M\u00e4rz 2019 der Regierungsentwurf vor. Im Mai kam es zur Ersten Lesung im Deutschen Bundestag und Anfang Juni zu einer \u00f6ffentlichen Anh\u00f6rung vor dem Rechtsausschuss des Bundestages. Dieser federf\u00fchrende Ausschuss konnte aber bis zur letzten Sitzung des Bundestages vor der Sommerpause sich nicht auf eine Beschlussempfehlung einigen.<!--more--><\/p>\n<p>Fr\u00fchestens im September 2019 kann sich der Bundestag in weiteren Lesungen mit dem Entwurf befassen. Das Umsetzungsgesetz wird demnach erst im Herbst 2019 in Kraft treten k\u00f6nnen.<\/p>\n<p>F\u00fcr Hauptversammlungen, die zum Jahresanfang 2020 stattfinden, ist zu beachten, dass die Neuregelung zum Say on Pay erst 5 Monate nach Inkrafttreten greift. Und erst f\u00fcr Hauptversammlungen, die ab dem 3.9.2020 einberufen werden, gelten die neuen Vorschriften \u00fcber die Aktion\u00e4rsinformation.<\/p>\n","protected":false},"excerpt":{"rendered":"<p>Bis zum 10. Juni 2019 hatte eigentlich die Umsetzung der zweiten EU-Aktion\u00e4rsrechte-Richtlinie zu erfolgen. Daraus ist nichts geworden. Wie aus Abgeordnetenkreisen zu h\u00f6ren ist, hakt es unter den Koalition\u00e4ren insbesondere an der Regelung des \u201eSay on Pay\u201c, die auch bei &hellip; <a href=\"https:\/\/page.fachmedien.de\/wordpress\/rechtsboard\/2019\/07\/02\/arug-ii-in-der-sommerpause-umsetzung-verschoben\/\">Weiterlesen <span class=\"meta-nav\">&rarr;<\/span><\/a><\/p>\n","protected":false},"author":304381,"featured_media":0,"comment_status":"open","ping_status":"closed","sticky":false,"template":"","format":"standard","meta":[],"categories":[1],"tags":[18000,57450],"acf":[],"_links":{"self":[{"href":"https:\/\/page.fachmedien.de\/wordpress\/rechtsboard\/wp-json\/wp\/v2\/posts\/8468"}],"collection":[{"href":"https:\/\/page.fachmedien.de\/wordpress\/rechtsboard\/wp-json\/wp\/v2\/posts"}],"about":[{"href":"https:\/\/page.fachmedien.de\/wordpress\/rechtsboard\/wp-json\/wp\/v2\/types\/post"}],"author":[{"embeddable":true,"href":"https:\/\/page.fachmedien.de\/wordpress\/rechtsboard\/wp-json\/wp\/v2\/users\/304381"}],"replies":[{"embeddable":true,"href":"https:\/\/page.fachmedien.de\/wordpress\/rechtsboard\/wp-json\/wp\/v2\/comments?post=8468"}],"version-history":[{"count":5,"href":"https:\/\/page.fachmedien.de\/wordpress\/rechtsboard\/wp-json\/wp\/v2\/posts\/8468\/revisions"}],"predecessor-version":[{"id":8473,"href":"https:\/\/page.fachmedien.de\/wordpress\/rechtsboard\/wp-json\/wp\/v2\/posts\/8468\/revisions\/8473"}],"wp:attachment":[{"href":"https:\/\/page.fachmedien.de\/wordpress\/rechtsboard\/wp-json\/wp\/v2\/media?parent=8468"}],"wp:term":[{"taxonomy":"category","embeddable":true,"href":"https:\/\/page.fachmedien.de\/wordpress\/rechtsboard\/wp-json\/wp\/v2\/categories?post=8468"},{"taxonomy":"post_tag","embeddable":true,"href":"https:\/\/page.fachmedien.de\/wordpress\/rechtsboard\/wp-json\/wp\/v2\/tags?post=8468"}],"curies":[{"name":"wp","href":"https:\/\/api.w.org\/{rel}","templated":true}]}}